{"id":2385,"date":"2021-10-19T10:51:43","date_gmt":"2021-10-19T08:51:43","guid":{"rendered":"https:\/\/pbacupuntura.com\/combatiendo-la-alergia-estacional\/"},"modified":"2021-10-26T13:51:37","modified_gmt":"2021-10-26T11:51:37","slug":"combatiendo-la-alergia-estacional","status":"publish","type":"post","link":"https:\/\/pbacupuntura.com\/es\/combatiendo-la-alergia-estacional\/","title":{"rendered":"Combatiendo la alergia estacional"},"content":{"rendered":"<div class=\"kvgmc6g5 cxmmr5t8 oygrvhab hcukyx3x c1et5uql ii04i59q\">\n<div dir=\"auto\">Ha llegado la primavera y para muchas personas ha tra\u00eddo consigo las alergias estacionales. Sin embargo, \u00a1aliviar las alergias de forma natural con la Acupuntura es posible! <span class=\"pq6dq46d tbxw36s4 knj5qynh kvgmc6g5 ditlmg2l oygrvhab nvdbi5me sf5mxxl7 gl3lb2sf hhz5lgdu\"><img loading=\"lazy\" src=\"https:\/\/static.xx.fbcdn.net\/images\/emoji.php\/v9\/t6c\/1\/16\/1f4aa.png\" alt=\"\ud83d\udcaa\" width=\"16\" height=\"16\" \/><br \/>\n<\/span><\/div>\n<div dir=\"auto\"><\/div>\n<\/div>\n<div class=\"o9v6fnle cxmmr5t8 oygrvhab hcukyx3x c1et5uql ii04i59q\">\n<div dir=\"auto\">La Organizaci\u00f3n Mundial de la Salud (OMS) considera las alergias estacionales, as\u00ed como el asma y la sinusitis, como enfermedades respiratorias que pueden aliviarse eficazmente con la acupuntura.<\/div>\n<div dir=\"auto\"><\/div>\n<\/div>\n<div class=\"o9v6fnle cxmmr5t8 oygrvhab hcukyx3x c1et5uql ii04i59q\">\n<div dir=\"auto\">En la medicina tradicional china (MTC), una reacci\u00f3n al\u00e9rgica es una manifestaci\u00f3n de la dificultad del cuerpo para adaptarse a su entorno. Por lo tanto, tratamos a la persona al\u00e9rgica, no a las alergias.<\/div>\n<div dir=\"auto\"><\/div>\n<\/div>\n<div class=\"o9v6fnle cxmmr5t8 oygrvhab hcukyx3x c1et5uql ii04i59q\">\n<div dir=\"auto\">Los tratamientos regulares de acupuntura pueden aliviar naturalmente los s\u00edntomas de la alergia como:<\/div>\n<\/div>\n<div class=\"o9v6fnle cxmmr5t8 oygrvhab hcukyx3x c1et5uql ii04i59q\">\n<div dir=\"auto\"><span class=\"pq6dq46d tbxw36s4 knj5qynh kvgmc6g5 ditlmg2l oygrvhab nvdbi5me sf5mxxl7 gl3lb2sf hhz5lgdu\"><img loading=\"lazy\" src=\"https:\/\/static.xx.fbcdn.net\/images\/emoji.php\/v9\/tf4\/1\/16\/2728.png\" alt=\"\u2728\" width=\"16\" height=\"16\" \/><\/span> Mucosidad de nariz<\/div>\n<div dir=\"auto\"><span class=\"pq6dq46d tbxw36s4 knj5qynh kvgmc6g5 ditlmg2l oygrvhab nvdbi5me sf5mxxl7 gl3lb2sf hhz5lgdu\"><img loading=\"lazy\" src=\"https:\/\/static.xx.fbcdn.net\/images\/emoji.php\/v9\/tf4\/1\/16\/2728.png\" alt=\"\u2728\" width=\"16\" height=\"16\" \/><\/span> Picor de ojos<\/div>\n<div dir=\"auto\"><span class=\"pq6dq46d tbxw36s4 knj5qynh kvgmc6g5 ditlmg2l oygrvhab nvdbi5me sf5mxxl7 gl3lb2sf hhz5lgdu\"><img loading=\"lazy\" src=\"https:\/\/static.xx.fbcdn.net\/images\/emoji.php\/v9\/tf4\/1\/16\/2728.png\" alt=\"\u2728\" width=\"16\" height=\"16\" \/><\/span> Garganta irritada<\/div>\n<div dir=\"auto\"><span class=\"pq6dq46d tbxw36s4 knj5qynh kvgmc6g5 ditlmg2l oygrvhab nvdbi5me sf5mxxl7 gl3lb2sf hhz5lgdu\"><img loading=\"lazy\" src=\"https:\/\/static.xx.fbcdn.net\/images\/emoji.php\/v9\/tf4\/1\/16\/2728.png\" alt=\"\u2728\" width=\"16\" height=\"16\" \/><\/span>Inflamaci\u00f3n<\/div>\n<div dir=\"auto\"><span class=\"pq6dq46d tbxw36s4 knj5qynh kvgmc6g5 ditlmg2l oygrvhab nvdbi5me sf5mxxl7 gl3lb2sf hhz5lgdu\"><img loading=\"lazy\" src=\"https:\/\/static.xx.fbcdn.net\/images\/emoji.php\/v9\/tf4\/1\/16\/2728.png\" alt=\"\u2728\" width=\"16\" height=\"16\" \/><\/span> Ojos hinchados<\/div>\n<div dir=\"auto\"><span class=\"pq6dq46d tbxw36s4 knj5qynh kvgmc6g5 ditlmg2l oygrvhab nvdbi5me sf5mxxl7 gl3lb2sf hhz5lgdu\"><img loading=\"lazy\" src=\"https:\/\/static.xx.fbcdn.net\/images\/emoji.php\/v9\/tf4\/1\/16\/2728.png\" alt=\"\u2728\" width=\"16\" height=\"16\" \/><\/span>Eczema<\/div>\n<div dir=\"auto\"><\/div>\n<\/div>\n<div class=\"o9v6fnle cxmmr5t8 oygrvhab hcukyx3x c1et5uql ii04i59q\">\n<div dir=\"auto\">Es importante recordar que desde la perspectiva de la Medicina Tradicional China, el h\u00edgado se vuelve m\u00e1s activo en primavera, y que cuando hay un desequilibrio puede generar viento interno. Cuando el h\u00edgado no est\u00e1 en harmon\u00eda pueden surgir otros problemas adem\u00e1s de los mencionados anteriormente, como migra\u00f1as y\/o dolores de cabeza, sentimientos de ira, frustraci\u00f3n.<\/div>\n<div dir=\"auto\"><\/div>\n<div dir=\"auto\">La acupuntura es muy eficaz en el alivio de estas condiciones.<\/div>\n<div dir=\"auto\"><\/div>\n<\/div>\n<div class=\"o9v6fnle cxmmr5t8 oygrvhab hcukyx3x c1et5uql ii04i59q\">\n<div dir=\"auto\">En consulta te espera una sesi\u00f3n relajante que te aportar\u00e1 alivio de inmediato. En general, la frecuencia de sesiones recomendadas depende de las necesidades personales y de la gravedad de los s\u00edntomas de alergia. Si bien algunas personas ven un alivio prolongado despu\u00e9s de una sola sesi\u00f3n, otras requieren m\u00faltiples sesiones durante 4-6 semanas para realinear la respuesta del sistema inmunol\u00f3gico en tu cuerpo.<\/div>\n<div dir=\"auto\"><\/div>\n<\/div>\n<div class=\"o9v6fnle cxmmr5t8 oygrvhab hcukyx3x c1et5uql ii04i59q\">\n<div dir=\"auto\">Mi consejo es incorporar sesiones de acupuntura ante cualquier cambio de estaci\u00f3n para ayudar con esa transici\u00f3n, pero especialmente en el cambio que se produce de invierno a primavera.<\/div>\n<div dir=\"auto\"><\/div>\n<\/div>\n<div class=\"o9v6fnle cxmmr5t8 oygrvhab hcukyx3x c1et5uql ii04i59q\">\n<div dir=\"auto\">Haz de tu salud una prioridad y reserva hoy una cita en PB Acupuntura Denia.<\/div>\n<div dir=\"auto\"><\/div>\n<div dir=\"auto\"><span class=\"pq6dq46d tbxw36s4 knj5qynh kvgmc6g5 ditlmg2l oygrvhab nvdbi5me sf5mxxl7 gl3lb2sf hhz5lgdu\"><img loading=\"lazy\" src=\"https:\/\/static.xx.fbcdn.net\/images\/emoji.php\/v9\/t4d\/1\/16\/1f4de.png\" alt=\"\ud83d\udcde\" width=\"16\" height=\"16\" \/><\/span>655842132 <span class=\"pq6dq46d tbxw36s4 knj5qynh kvgmc6g5 ditlmg2l oygrvhab nvdbi5me sf5mxxl7 gl3lb2sf hhz5lgdu\"><img loading=\"lazy\" src=\"https:\/\/static.xx.fbcdn.net\/images\/emoji.php\/v9\/tf4\/1\/16\/2728.png\" alt=\"\u2728\" width=\"16\" height=\"16\" \/><\/span><span class=\"pq6dq46d tbxw36s4 knj5qynh kvgmc6g5 ditlmg2l oygrvhab nvdbi5me sf5mxxl7 gl3lb2sf hhz5lgdu\"><img loading=\"lazy\" src=\"https:\/\/static.xx.fbcdn.net\/images\/emoji.php\/v9\/ted\/1\/16\/1f4ab.png\" alt=\"\ud83d\udcab\" width=\"16\" height=\"16\" \/><\/span><span class=\"pq6dq46d tbxw36s4 knj5qynh kvgmc6g5 ditlmg2l oygrvhab nvdbi5me sf5mxxl7 gl3lb2sf hhz5lgdu\"><img loading=\"lazy\" src=\"https:\/\/static.xx.fbcdn.net\/images\/emoji.php\/v9\/t6a\/1\/16\/1f497.png\" alt=\"\ud83d\udc97\" width=\"16\" height=\"16\" \/><\/span><\/div>\n<div dir=\"auto\">Calle M\u00e1rques de Campos 60, Denia<\/div>\n<\/div>\n","protected":false},"excerpt":{"rendered":"<p>Ha llegado la primavera y para muchas personas ha tra\u00eddo consigo las alergias estacionales. Sin embargo, \u00a1aliviar las alergias de forma natural con la Acupuntura es posible! La Organizaci\u00f3n Mundial de la Salud (OMS) considera las alergias estacionales, as\u00ed como el asma y la sinusitis, como enfermedades respiratorias que pueden aliviarse eficazmente con la acupuntura. &hellip;<\/p>\n<p class=\"read-more\"> <a class=\"\" href=\"https:\/\/pbacupuntura.com\/es\/combatiendo-la-alergia-estacional\/\"> <span class=\"screen-reader-text\">Combatiendo la alergia estacional<\/span> Leer m\u00e1s &raquo;<\/a><\/p>\n","protected":false},"author":1,"featured_media":680,"comment_status":"open","ping_status":"open","sticky":false,"template":"","format":"standard","meta":{"site-sidebar-layout":"default","site-content-layout":"default","ast-main-header-display":"","ast-hfb-above-header-display":"","ast-hfb-below-header-display":"","ast-hfb-mobile-header-display":"","site-post-title":"","ast-breadcrumbs-content":"","ast-featured-img":"","footer-sml-layout":"","theme-transparent-header-meta":"default","adv-header-id-meta":"","stick-header-meta":"default","header-above-stick-meta":"","header-main-stick-meta":"","header-below-stick-meta":""},"categories":[15],"tags":[],"_links":{"self":[{"href":"https:\/\/pbacupuntura.com\/es\/wp-json\/wp\/v2\/posts\/2385"}],"collection":[{"href":"https:\/\/pbacupuntura.com\/es\/wp-json\/wp\/v2\/posts"}],"about":[{"href":"https:\/\/pbacupuntura.com\/es\/wp-json\/wp\/v2\/types\/post"}],"author":[{"embeddable":true,"href":"https:\/\/pbacupuntura.com\/es\/wp-json\/wp\/v2\/users\/1"}],"replies":[{"embeddable":true,"href":"https:\/\/pbacupuntura.com\/es\/wp-json\/wp\/v2\/comments?post=2385"}],"version-history":[{"count":2,"href":"https:\/\/pbacupuntura.com\/es\/wp-json\/wp\/v2\/posts\/2385\/revisions"}],"predecessor-version":[{"id":2388,"href":"https:\/\/pbacupuntura.com\/es\/wp-json\/wp\/v2\/posts\/2385\/revisions\/2388"}],"wp:featuredmedia":[{"embeddable":true,"href":"https:\/\/pbacupuntura.com\/es\/wp-json\/wp\/v2\/media\/680"}],"wp:attachment":[{"href":"https:\/\/pbacupuntura.com\/es\/wp-json\/wp\/v2\/media?parent=2385"}],"wp:term":[{"taxonomy":"category","embeddable":true,"href":"https:\/\/pbacupuntura.com\/es\/wp-json\/wp\/v2\/categories?post=2385"},{"taxonomy":"post_tag","embeddable":true,"href":"https:\/\/pbacupuntura.com\/es\/wp-json\/wp\/v2\/tags?post=2385"}],"curies":[{"name":"wp","href":"https:\/\/api.w.org\/{rel}","templated":true}]}}